{"id":47,"date":"2021-10-18T16:22:14","date_gmt":"2021-10-18T19:22:14","guid":{"rendered":"https:\/\/www.encontraes.com.br\/sobre\/?p=47"},"modified":"2021-10-18T16:32:58","modified_gmt":"2021-10-18T19:32:58","slug":"carteira-de-identidade-rg-1-e-2-via","status":"publish","type":"post","link":"https:\/\/www.encontraes.com.br\/sobre\/carteira-de-identidade-rg-1-e-2-via\/","title":{"rendered":"Carteira de Identidade (RG) &#8211; 1\u00ba e 2\u00ba Via"},"content":{"rendered":"\n<!-- WP QUADS Content Ad Plugin v. 2.0.31 -->\n<div class=\"quads-location quads-ad1\" id=\"quads-ad1\" style=\"float:none;margin:10px;\">\n<!-- MAPV - Monstra - Dominios - Bloco de Links -->\r\n<ins class=\"adsbygoogle\"\r\n\t style=\"display:block\"\r\n\t data-ad-client=\"ca-pub-5077471354391484\"\r\n\t data-ad-slot=\"6074243247\"\r\n\t data-ad-format=\"link\"\r\n\t data-full-width-responsive=\"true\"><\/ins>\r\n<script>\r\n\t(adsbygoogle = window.adsbygoogle || []).push({});\r\n<\/script>\n<\/div>\n<p>No estado do Esp\u00edrito Santo, a confec\u00e7\u00e3o da Carteira de Identidade (ou RG \u2013 Registro Geral) \u00e9 de responsabilidade do Departamento de Identifica\u00e7\u00e3o (DEI) da Pol\u00edcia Civil.<\/p>\n<p>Para obt\u00ea-la, o cidad\u00e3o deve procurar um dos\u00a0<a href=\"https:\/\/pc.es.gov.br\/postos-de-identificacao-civil\" target=\"_blank\" rel=\"noopener\">Postos de Identifica\u00e7\u00e3o Civil<\/a>\u00a0no estado.<\/p>\n<h3>1\u00ba VIA<\/h3>\n<p>A emiss\u00e3o da <strong>1\u00aa via<\/strong>\u00a0da carteira de identidade \u00e9 um servi\u00e7o<strong>\u00a0GRATUITO<\/strong>\u00a0em todo o territ\u00f3rio nacional, conforme a\u00a0Lei Federal 12.687\/2012.<\/p>\n<!-- WP QUADS Content Ad Plugin v. 2.0.31 -->\n<div class=\"quads-location quads-ad2\" id=\"quads-ad2\" style=\"float:none;margin:0px;\">\n<!-- MAPV - GuiaX19 + Monstra - Dominios - 300x250 -->\r\n<ins class=\"adsbygoogle\"\r\nstyle=\"display:inline-block;width:300px;height:250px\"\r\ndata-ad-client=\"ca-pub-5077471354391484\"\r\ndata-ad-slot=\"6056139364\"><\/ins>\r\n<script>\r\n(adsbygoogle = window.adsbygoogle || []).push({});\r\n<\/script>\n<\/div>\n\n<h3>2\u00ba VIA<\/h3>\n<p>Para os casos de 2\u00aa via do documento, ter\u00e1 direito ao benef\u00edcio da gratuidade, o requerente que atender um dos seguintes requisitos:<\/p>\n<p>1) estar desempregado, mediante comprova\u00e7\u00e3o;<br \/>\n2) receber sal\u00e1rio inferior a 3 sal\u00e1rios m\u00ednimos, mediante comprova\u00e7\u00e3o;<br \/>\n3) apresentar boletim de ocorr\u00eancia de FURTO ou ROUBO do documento;<br \/>\n4) necessitar renovar RG provis\u00f3rio.<\/p>\n<h2>VALOR<\/h2>\n<ul>\n<li class=\"subsecao\">Taxa de Servi\u00e7o &#8211; 1\u00aa via<strong>Observa\u00e7\u00e3o:<\/strong>\u00a0Gratuito<\/li>\n<li class=\"subsecao\">Taxa de Servi\u00e7o &#8211; 2\u00aa via<strong>Valor:<\/strong>\u00a0R$ 61,98<strong>Observa\u00e7\u00e3o:<\/strong>\u00a0S\u00f3 ser\u00e1 considerada 2\u00aa via da carteira de identidade, se a 1\u00aa via foi emitida no Esp\u00edrito Santo. *Renova\u00e7\u00e3o da Carteira de Identidade &#8220;PROVIS\u00d3RIA&#8221; \u00e9 gratuita. Carteira de Identidade &#8220;PROVIS\u00d3RIA&#8221; ser\u00e3o renovadas gratuitamente desde que requeridas no intervalo entre 60 dias antes do vencimento e 60 dias ap\u00f3s o vencimento, se requeridas ap\u00f3s 60 dias de vencimento da validade, ser\u00e1 cobrada a taxa de 2\u00aa via.<\/li>\n<\/ul>\n<p><strong>Valor Total:<\/strong>\u00a0R$ 61,98<\/p>\n<!-- WP QUADS Content Ad Plugin v. 2.0.31 -->\n<div class=\"quads-location quads-ad3\" id=\"quads-ad3\" style=\"float:none;margin:0px;\">\n<!-- GUIA-X - \/Novo-inArticle\/ -->\r\n<ins class=\"adsbygoogle\"\r\nstyle=\"display:block; text-align:center;\"\r\ndata-ad-layout=\"in-article\"\r\ndata-ad-format=\"fluid\"\r\ndata-ad-client=\"ca-pub-5077471354391484\"\r\ndata-ad-slot=\"9835602278\"><\/ins>\r\n<script>\r\n\t(adsbygoogle = window.adsbygoogle || []).push({});\r\n<\/script>\n<\/div>\n\n<p>&nbsp;<\/p>\n<div class=\"panel-heading painel-ativo\">\n<h3 class=\"panel-title\">Prazos e entrega do servi\u00e7o<i class=\"fa fa-plus fa-minus\"><\/i><\/h3>\n<\/div>\n<div id=\"collapse-prazo\" class=\"panel-collapse collapse in\">\n<div class=\"panel-body\">\n<ul>\n<li><strong>Prazo de retirar o documento:<\/strong>\u00a015 dias \u00fateis. ATEN\u00c7\u00c3O: O prazo de entrega est\u00e1 sujeito a altera\u00e7\u00e3o.<\/li>\n<li><strong>Observa\u00e7\u00e3o:<\/strong>\u00a0N\u00c3O ser\u00e1 entregue documento de pessoa falecida, salvo por determina\u00e7\u00e3o judicial ou solicitar junto ao Departamento de Identifica\u00e7\u00e3o (Reta da Penha &#8211; Vit\u00f3ria ES) a Declara\u00e7\u00e3o de RG (identidade).<\/li>\n<\/ul>\n<\/div>\n<\/div>\n<p>&nbsp;<\/p>\n<h2>DOCUMENTOS NECESS\u00c1RIOS<\/h2>\n<p>&#8211; Lista de documentos para imprimir<br \/>\n1) 01 foto 3&#215;4 recente (fundo claro);<br \/>\n2) comprovante de resid\u00eancia (conta de \u00e1gua, luz ou telefone) emitido no nome do requerente nos \u00faltimos 60 dias, ou em nome de parente comprovadamente.<br \/>\n3) certid\u00e3o de nascimento (se solteiro), certid\u00e3o de casamento (de acordo com o estado civil atual), certificado de naturaliza\u00e7\u00e3o (se estrangeiro) ou certificado de igualdade de direitos (se portugu\u00eas);<\/p>\n<p>APRESENTAR originais ou c\u00f3pia autenticada;<\/p>\n<p>4) comprovante de pagamento da taxa de segunda via do RG (para os casos que n\u00e3o se encaixem nos requisitos de isen\u00e7\u00e3o);<br \/>\n5) Caso o cidad\u00e3o deseje, ser\u00e1 inclu\u00eddo na Carteira de Identidade, mediante requerimento:<\/p>\n<!-- WP QUADS Content Ad Plugin v. 2.0.31 -->\n<div class=\"quads-location quads-ad5\" id=\"quads-ad5\" style=\"float:none;margin:10px;\">\n<!-- MAPV - Monstra - Dominios - Bloco de Links -->\r\n                    <ins class=\"adsbygoogle\"\r\n                        style=\"display:block\"\r\n                        data-ad-client=\"ca-pub-5077471354391484\"\r\n                        data-ad-slot=\"6074243247\"\r\n                        data-ad-format=\"link\"\r\n                        data-full-width-responsive=\"true\"><\/ins>\r\n                    <script>\r\n                    (adsbygoogle = window.adsbygoogle || []).push({});\r\n                    <\/script>\r\n<br><br>\r\n<!-- MAPV - GuiaX19 ( mobile ) -->\r\n<ins class=\"adsbygoogle\"\r\n     style=\"display:block\"\r\n     data-ad-client=\"ca-pub-5077471354391484\"\r\n     data-ad-slot=\"7482118942\"\r\n     data-ad-format=\"auto\"\r\n     data-full-width-responsive=\"true\"><\/ins>\r\n<script>\r\n     (adsbygoogle = window.adsbygoogle || []).push({});\r\n<\/script>\r\n<br>\n<\/div>\n\n<p>CPF, DNI, NIS\/PIS\/PASEP, CTPS, Cart\u00e3o Nacional de Sa\u00fade, CNH, T\u00edtulo de Eleitor e Certificado Militar, e Registro Profissional;<\/p>\n<p>devendo ser apresentados os Comprovantes originais, ou c\u00f3pias autenticadas<\/p>\n<p>\u201cCASO DESEJE INCLUIR CONDI\u00c7\u00d5ES ESPECIAIS DE SA\u00daDE (inclus\u00e3o de \u00edcones na carteira de identidade):<\/p>\n<p>Auditiva &#8211; Defici\u00eancia f\u00edsica &#8211; Espectro autista &#8211; Intelectual &#8211; Marca passo &#8211; Visual<br \/>\nOU CASO DESEJE INCLUIR OBSERVA\u00c7\u00c3O DE SA\u00daDE A SER INCLU\u00cdDA NA CARTEIRA DE IDENTIDADE (ex: epilepsia, alergia a medicamentos, comorbidades graves, entre outros). Imprimir e apresentar a requisi\u00e7\u00e3o de manifesta\u00e7\u00e3o de vontade e o respectivo relat\u00f3rio m\u00e9dico.\u201d( disponibilizar anexos I, II e IV)<\/p>\n<p>\u201cCASO DESEJE INCLUIR TIPO SANGU\u00cdNEO: apresentar resultado de exame laboratorial ou cart\u00e3o de doador de sangue.\u201d CASO DESEJE INCLUIR, EXCLUIR OU ALTERAR NOME SOCIAL: Imprimir e apresentar a requisi\u00e7\u00e3o de manifesta\u00e7\u00e3o de vontade.\u201d<\/p>\n<p>REQUERIMENTOS:<\/p>\n<p>Carteira de Identidade com nome social,\u00a0<a href=\"https:\/\/pc.es.gov.br\/Media\/PCES\/2021\/Requerimento%20-%20Nome%20Social.pdf\" target=\"_blank\" rel=\"noopener\">Download<\/a><\/p>\n<p>Carteira de Identidade com nome social, autoriza\u00e7\u00e3o pelo respons\u00e1vel legal,\u00a0<a href=\"https:\/\/pc.es.gov.br\/Media\/PCES\/2021\/Requerimento%20-%20Nome%20Social%20-%20Autoriza%C3%A7%C3%A3o%20Respons%C3%A1vel%20Legal.pdf\" target=\"_blank\" rel=\"noopener\">Download<\/a><\/p>\n<p>Carteira de Identidade com condi\u00e7\u00e3o espec\u00edfica de sa\u00fade\u00a0<a href=\"https:\/\/pc.es.gov.br\/Media\/PCES\/2021\/Requerimento%20-%20Condi%C3%A7%C3%A3o%20Sa%C3%BAde.pdf\" target=\"_blank\" rel=\"noopener\">Download<\/a><\/p>\n<p>Carteira de Identidade com condi\u00e7\u00e3o espec\u00edfica de sa\u00fade,\u00a0autoriza\u00e7\u00e3o pelo respons\u00e1vel legal \u00a0<a href=\"https:\/\/pc.es.gov.br\/Media\/PCES\/2021\/Requerimento%20-%20Condi%C3%A7%C3%A3o%20Sa%C3%BAde%20-%20Autoriza%C3%A7%C3%A3o%20Respons%C3%A1vel%20Legal.pdf\" target=\"_blank\" rel=\"noopener\">Download<\/a><\/p>\n<p>&nbsp;<\/p>\n<p>Observa\u00e7\u00f5es importantes:<br \/>\n1) Para altera\u00e7\u00e3o de nome em 2\u00aa via de RG em virtude de contrato de uni\u00e3o est\u00e1vel, ser\u00e1 INDISPENS\u00c1VEL a apresenta\u00e7\u00e3o de certid\u00e3o de nascimento com averba\u00e7\u00e3o do Cart\u00f3rio de Registro Civil na qual conste informa\u00e7\u00e3o sobre a uni\u00e3o est\u00e1vel, bem como sobre a altera\u00e7\u00e3o do nome.<br \/>\n2) No caso das Carteiras de Identidade emitidas em outro Estado n\u00e3o \u00e9 fornecida a 2\u00aa via. Nesse caso, o cidad\u00e3o poder\u00e1 requer a 1\u00aa via no Esp\u00edrito Santo, a qual ser\u00e1 gratuita, por\u00e9m ser\u00e1 um novo n\u00famero.<br \/>\n3) N\u00e3o h\u00e1 idade m\u00ednima para retirar Carteira de Identidade. Por quest\u00f5es pr\u00e1ticas e pela dificuldade na coleta das impress\u00f5es digitais, recomenda-se que seja a partir dos 5 anos.<\/p>\n<p>&nbsp;<\/p>\n<p><strong>Como emitir o comprovante de pagamento da taxa &#8211; DUA ELETR\u00d4NICA:<\/strong><\/p>\n<p>1) acessar a p\u00e1gina http:\/\/e-dua.sefaz.es.gov.br \/aplicacoes\/consulta_taxas.asp<br \/>\n2) digitar no formul\u00e1rio a palavra identidade;<br \/>\n3) clicar em \u201cCarteira de Identidade &#8211; 2\u00aa via\u201d;<br \/>\n4) inserir CPF;<br \/>\n5) escolher munic\u00edpio e clicar em \u201cAVAN\u00c7AR\u201d;<br \/>\n6) preencher data de vencimento do boleto e clicar em \u201cIMPRIMIR\u201d.<br \/>\nObs.: precisa apresentar o DUA (Documento \u00danico de Arrecada\u00e7\u00e3o) impresso, pois o n\u00famero dele \u00e9 utilizada no cadastro.<\/p>\n<p>&nbsp;<\/p>\n<p><strong>AGENDAMENTO ELETR\u00d4NICO<\/strong><br \/>\nNos locais onde existe a facilidade do agendamento eletr\u00f4nico, basta acessar os endere\u00e7os eletr\u00f4nicos indicados, preencher os dados solicitados e imprimir ou anotar o hor\u00e1rio agendado pelo sistema.<\/p>\n<p><strong>ATENDIMENTO<\/strong><br \/>\nO atendimento nos Postos de Identifica\u00e7\u00e3o da Pol\u00edcia Civil \u00e9 feito de segunda a sexta. No caso dos agendamentos eletr\u00f4nicos a toler\u00e2ncia de atraso \u00e9 de 15 minutos e quem n\u00e3o comparecer dentro do prazo ter\u00e1 o agendamento cancelado automaticamente e s\u00f3 poder\u00e1 remarcar ap\u00f3s 15 dias.\n<!-- WP QUADS Content Ad Plugin v. 2.0.31 -->\n<div class=\"quads-location quads-ad1\" id=\"quads-ad1\" style=\"float:none;margin:10px;\">\n<!-- MAPV - Monstra - Dominios - Bloco de Links -->\r\n<ins class=\"adsbygoogle\"\r\n\t style=\"display:block\"\r\n\t data-ad-client=\"ca-pub-5077471354391484\"\r\n\t data-ad-slot=\"6074243247\"\r\n\t data-ad-format=\"link\"\r\n\t data-full-width-responsive=\"true\"><\/ins>\r\n<script>\r\n\t(adsbygoogle = window.adsbygoogle || []).push({});\r\n<\/script>\n<\/div>\n<\/p>\n<p><strong>MAIS INFORMA\u00c7\u00d5ES<\/strong><br \/>\nEntrar em contato pelo telefone 3382-5024 ou pelo e-mail gab.dei@pc.es.gov.br\n<!-- WP QUADS Content Ad Plugin v. 2.0.31 -->\n<div class=\"quads-location quads-ad4\" id=\"quads-ad4\" style=\"float:none;margin:0px;\">\n<ins class=\"adsbygoogle\"\r\n     style=\"display:block\"\r\n     data-ad-format=\"autorelaxed\"\r\n     data-ad-client=\"ca-pub-5077471354391484\"\r\n     data-ad-slot=\"2014489637\"><\/ins>\r\n<script>\r\n     (adsbygoogle = window.adsbygoogle || []).push({});\r\n<\/script>\n<\/div>\n\n","protected":false},"excerpt":{"rendered":"<p>No estado do Esp\u00edrito Santo, a confec\u00e7\u00e3o da Carteira de Identidade (ou RG \u2013 Registro Geral) \u00e9 de responsabilidade do Departamento de Identifica\u00e7\u00e3o (DEI) da Pol\u00edcia Civil. Para obt\u00ea-la, o cidad\u00e3o deve procurar um dos\u00a0Postos de Identifica\u00e7\u00e3o Civil\u00a0no estado. 1\u00ba VIA A emiss\u00e3o da 1\u00aa via\u00a0da carteira de identidade \u00e9 um servi\u00e7o\u00a0GRATUITO\u00a0em todo o territ\u00f3rio nacional, conforme a\u00a0Lei Federal 12.687\/2012. 2\u00ba VIA Para os casos de 2\u00aa via do documento, ter\u00e1 direito ao benef\u00edcio da gratuidade, o requerente que atender um dos seguintes requisitos: 1) estar desempregado, mediante comprova\u00e7\u00e3o; 2) receber sal\u00e1rio inferior a 3 sal\u00e1rios m\u00ednimos, mediante comprova\u00e7\u00e3o; 3) <\/p>\n","protected":false},"author":1,"featured_media":48,"comment_status":"closed","ping_status":"closed","sticky":false,"template":"","format":"standard","meta":{"footnotes":""},"categories":[3],"tags":[],"class_list":["post-47","post","type-post","status-publish","format-standard","has-post-thumbnail","hentry","category-noticias","has_thumb"],"yoast_head":"<!-- This site is optimized with the Yoast SEO plugin v24.0 - https:\/\/yoast.com\/wordpress\/plugins\/seo\/ -->\n<title>Carteira de Identidade (RG) - 1\u00ba e 2\u00ba Via - Encontra Esp\u00edrito Santo<\/title>\n<meta name=\"robots\" content=\"index, follow, max-snippet:-1, max-image-preview:large, max-video-preview:-1\" \/>\n<link rel=\"canonical\" href=\"https:\/\/www.encontraes.com.br\/sobre\/carteira-de-identidade-rg-1-e-2-via\/\" \/>\n<meta property=\"og:locale\" content=\"pt_BR\" \/>\n<meta property=\"og:type\" content=\"article\" \/>\n<meta property=\"og:title\" content=\"Carteira de Identidade (RG) - 1\u00ba e 2\u00ba Via - Encontra Esp\u00edrito Santo\" \/>\n<meta property=\"og:description\" content=\"No estado do Esp\u00edrito Santo, a confec\u00e7\u00e3o da Carteira de Identidade (ou RG \u2013 Registro Geral) \u00e9 de responsabilidade do Departamento de Identifica\u00e7\u00e3o (DEI) da Pol\u00edcia Civil. Para obt\u00ea-la, o cidad\u00e3o deve procurar um dos\u00a0Postos de Identifica\u00e7\u00e3o Civil\u00a0no estado. 1\u00ba VIA A emiss\u00e3o da 1\u00aa via\u00a0da carteira de identidade \u00e9 um servi\u00e7o\u00a0GRATUITO\u00a0em todo o territ\u00f3rio nacional, conforme a\u00a0Lei Federal 12.687\/2012. 2\u00ba VIA Para os casos de 2\u00aa via do documento, ter\u00e1 direito ao benef\u00edcio da gratuidade, o requerente que atender um dos seguintes requisitos: 1) estar desempregado, mediante comprova\u00e7\u00e3o; 2) receber sal\u00e1rio inferior a 3 sal\u00e1rios m\u00ednimos, mediante comprova\u00e7\u00e3o; 3)\" \/>\n<meta property=\"og:url\" content=\"https:\/\/www.encontraes.com.br\/sobre\/carteira-de-identidade-rg-1-e-2-via\/\" \/>\n<meta property=\"og:site_name\" content=\"Encontra Esp\u00edrito Santo\" \/>\n<meta property=\"article:published_time\" content=\"2021-10-18T19:22:14+00:00\" \/>\n<meta property=\"article:modified_time\" content=\"2021-10-18T19:32:58+00:00\" \/>\n<meta property=\"og:image\" content=\"https:\/\/www.encontraes.com.br\/sobre\/wp-content\/uploads\/2021\/10\/rg-espirito-santo.jpg\" \/>\n\t<meta property=\"og:image:width\" content=\"250\" \/>\n\t<meta property=\"og:image:height\" content=\"335\" \/>\n\t<meta property=\"og:image:type\" content=\"image\/jpeg\" \/>\n<meta name=\"author\" content=\"encontraes\" \/>\n<meta name=\"twitter:card\" content=\"summary_large_image\" \/>\n<meta name=\"twitter:label1\" content=\"Escrito por\" \/>\n\t<meta name=\"twitter:data1\" content=\"encontraes\" \/>\n\t<meta name=\"twitter:label2\" content=\"Est. tempo de leitura\" \/>\n\t<meta name=\"twitter:data2\" content=\"5 minutos\" \/>\n<script type=\"application\/ld+json\" class=\"yoast-schema-graph\">{\"@context\":\"https:\/\/schema.org\",\"@graph\":[{\"@type\":\"WebPage\",\"@id\":\"https:\/\/www.encontraes.com.br\/sobre\/carteira-de-identidade-rg-1-e-2-via\/\",\"url\":\"https:\/\/www.encontraes.com.br\/sobre\/carteira-de-identidade-rg-1-e-2-via\/\",\"name\":\"Carteira de Identidade (RG) - 1\u00ba e 2\u00ba Via - Encontra Esp\u00edrito Santo\",\"isPartOf\":{\"@id\":\"https:\/\/www.encontraes.com.br\/sobre\/#website\"},\"primaryImageOfPage\":{\"@id\":\"https:\/\/www.encontraes.com.br\/sobre\/carteira-de-identidade-rg-1-e-2-via\/#primaryimage\"},\"image\":{\"@id\":\"https:\/\/www.encontraes.com.br\/sobre\/carteira-de-identidade-rg-1-e-2-via\/#primaryimage\"},\"thumbnailUrl\":\"https:\/\/www.encontraes.com.br\/sobre\/wp-content\/uploads\/2021\/10\/rg-espirito-santo.jpg\",\"datePublished\":\"2021-10-18T19:22:14+00:00\",\"dateModified\":\"2021-10-18T19:32:58+00:00\",\"author\":{\"@id\":\"https:\/\/www.encontraes.com.br\/sobre\/#\/schema\/person\/01abb08d401d3bc42f34d432990108e0\"},\"breadcrumb\":{\"@id\":\"https:\/\/www.encontraes.com.br\/sobre\/carteira-de-identidade-rg-1-e-2-via\/#breadcrumb\"},\"inLanguage\":\"pt-BR\",\"potentialAction\":[{\"@type\":\"ReadAction\",\"target\":[\"https:\/\/www.encontraes.com.br\/sobre\/carteira-de-identidade-rg-1-e-2-via\/\"]}]},{\"@type\":\"ImageObject\",\"inLanguage\":\"pt-BR\",\"@id\":\"https:\/\/www.encontraes.com.br\/sobre\/carteira-de-identidade-rg-1-e-2-via\/#primaryimage\",\"url\":\"https:\/\/www.encontraes.com.br\/sobre\/wp-content\/uploads\/2021\/10\/rg-espirito-santo.jpg\",\"contentUrl\":\"https:\/\/www.encontraes.com.br\/sobre\/wp-content\/uploads\/2021\/10\/rg-espirito-santo.jpg\",\"width\":250,\"height\":335},{\"@type\":\"BreadcrumbList\",\"@id\":\"https:\/\/www.encontraes.com.br\/sobre\/carteira-de-identidade-rg-1-e-2-via\/#breadcrumb\",\"itemListElement\":[{\"@type\":\"ListItem\",\"position\":1,\"name\":\"In\u00edcio\",\"item\":\"https:\/\/www.encontraes.com.br\/sobre\/\"},{\"@type\":\"ListItem\",\"position\":2,\"name\":\"Carteira de Identidade (RG) &#8211; 1\u00ba e 2\u00ba Via\"}]},{\"@type\":\"WebSite\",\"@id\":\"https:\/\/www.encontraes.com.br\/sobre\/#website\",\"url\":\"https:\/\/www.encontraes.com.br\/sobre\/\",\"name\":\"Encontra Esp\u00edrito Santo\",\"description\":\"Not\u00edcias, eventos, informa\u00e7\u00f5es e dicas no estado do Esp\u00edrito Santo\",\"potentialAction\":[{\"@type\":\"SearchAction\",\"target\":{\"@type\":\"EntryPoint\",\"urlTemplate\":\"https:\/\/www.encontraes.com.br\/sobre\/?s={search_term_string}\"},\"query-input\":{\"@type\":\"PropertyValueSpecification\",\"valueRequired\":true,\"valueName\":\"search_term_string\"}}],\"inLanguage\":\"pt-BR\"},{\"@type\":\"Person\",\"@id\":\"https:\/\/www.encontraes.com.br\/sobre\/#\/schema\/person\/01abb08d401d3bc42f34d432990108e0\",\"name\":\"encontraes\",\"image\":{\"@type\":\"ImageObject\",\"inLanguage\":\"pt-BR\",\"@id\":\"https:\/\/www.encontraes.com.br\/sobre\/#\/schema\/person\/image\/\",\"url\":\"https:\/\/secure.gravatar.com\/avatar\/b5847bf9c2de7baefeea7a4486da639a?s=96&d=mm&r=g\",\"contentUrl\":\"https:\/\/secure.gravatar.com\/avatar\/b5847bf9c2de7baefeea7a4486da639a?s=96&d=mm&r=g\",\"caption\":\"encontraes\"},\"sameAs\":[\"https:\/\/www.encontraes.com.br\/sobre\"],\"url\":\"https:\/\/www.encontraes.com.br\/sobre\/author\/encontraes\/\"}]}<\/script>\n<!-- \/ Yoast SEO plugin. -->","yoast_head_json":{"title":"Carteira de Identidade (RG) - 1\u00ba e 2\u00ba Via - Encontra Esp\u00edrito Santo","robots":{"index":"index","follow":"follow","max-snippet":"max-snippet:-1","max-image-preview":"max-image-preview:large","max-video-preview":"max-video-preview:-1"},"canonical":"https:\/\/www.encontraes.com.br\/sobre\/carteira-de-identidade-rg-1-e-2-via\/","og_locale":"pt_BR","og_type":"article","og_title":"Carteira de Identidade (RG) - 1\u00ba e 2\u00ba Via - Encontra Esp\u00edrito Santo","og_description":"No estado do Esp\u00edrito Santo, a confec\u00e7\u00e3o da Carteira de Identidade (ou RG \u2013 Registro Geral) \u00e9 de responsabilidade do Departamento de Identifica\u00e7\u00e3o (DEI) da Pol\u00edcia Civil. Para obt\u00ea-la, o cidad\u00e3o deve procurar um dos\u00a0Postos de Identifica\u00e7\u00e3o Civil\u00a0no estado. 1\u00ba VIA A emiss\u00e3o da 1\u00aa via\u00a0da carteira de identidade \u00e9 um servi\u00e7o\u00a0GRATUITO\u00a0em todo o territ\u00f3rio nacional, conforme a\u00a0Lei Federal 12.687\/2012. 2\u00ba VIA Para os casos de 2\u00aa via do documento, ter\u00e1 direito ao benef\u00edcio da gratuidade, o requerente que atender um dos seguintes requisitos: 1) estar desempregado, mediante comprova\u00e7\u00e3o; 2) receber sal\u00e1rio inferior a 3 sal\u00e1rios m\u00ednimos, mediante comprova\u00e7\u00e3o; 3)","og_url":"https:\/\/www.encontraes.com.br\/sobre\/carteira-de-identidade-rg-1-e-2-via\/","og_site_name":"Encontra Esp\u00edrito Santo","article_published_time":"2021-10-18T19:22:14+00:00","article_modified_time":"2021-10-18T19:32:58+00:00","og_image":[{"width":250,"height":335,"url":"https:\/\/www.encontraes.com.br\/sobre\/wp-content\/uploads\/2021\/10\/rg-espirito-santo.jpg","type":"image\/jpeg"}],"author":"encontraes","twitter_card":"summary_large_image","twitter_misc":{"Escrito por":"encontraes","Est. tempo de leitura":"5 minutos"},"schema":{"@context":"https:\/\/schema.org","@graph":[{"@type":"WebPage","@id":"https:\/\/www.encontraes.com.br\/sobre\/carteira-de-identidade-rg-1-e-2-via\/","url":"https:\/\/www.encontraes.com.br\/sobre\/carteira-de-identidade-rg-1-e-2-via\/","name":"Carteira de Identidade (RG) - 1\u00ba e 2\u00ba Via - Encontra Esp\u00edrito Santo","isPartOf":{"@id":"https:\/\/www.encontraes.com.br\/sobre\/#website"},"primaryImageOfPage":{"@id":"https:\/\/www.encontraes.com.br\/sobre\/carteira-de-identidade-rg-1-e-2-via\/#primaryimage"},"image":{"@id":"https:\/\/www.encontraes.com.br\/sobre\/carteira-de-identidade-rg-1-e-2-via\/#primaryimage"},"thumbnailUrl":"https:\/\/www.encontraes.com.br\/sobre\/wp-content\/uploads\/2021\/10\/rg-espirito-santo.jpg","datePublished":"2021-10-18T19:22:14+00:00","dateModified":"2021-10-18T19:32:58+00:00","author":{"@id":"https:\/\/www.encontraes.com.br\/sobre\/#\/schema\/person\/01abb08d401d3bc42f34d432990108e0"},"breadcrumb":{"@id":"https:\/\/www.encontraes.com.br\/sobre\/carteira-de-identidade-rg-1-e-2-via\/#breadcrumb"},"inLanguage":"pt-BR","potentialAction":[{"@type":"ReadAction","target":["https:\/\/www.encontraes.com.br\/sobre\/carteira-de-identidade-rg-1-e-2-via\/"]}]},{"@type":"ImageObject","inLanguage":"pt-BR","@id":"https:\/\/www.encontraes.com.br\/sobre\/carteira-de-identidade-rg-1-e-2-via\/#primaryimage","url":"https:\/\/www.encontraes.com.br\/sobre\/wp-content\/uploads\/2021\/10\/rg-espirito-santo.jpg","contentUrl":"https:\/\/www.encontraes.com.br\/sobre\/wp-content\/uploads\/2021\/10\/rg-espirito-santo.jpg","width":250,"height":335},{"@type":"BreadcrumbList","@id":"https:\/\/www.encontraes.com.br\/sobre\/carteira-de-identidade-rg-1-e-2-via\/#breadcrumb","itemListElement":[{"@type":"ListItem","position":1,"name":"In\u00edcio","item":"https:\/\/www.encontraes.com.br\/sobre\/"},{"@type":"ListItem","position":2,"name":"Carteira de Identidade (RG) &#8211; 1\u00ba e 2\u00ba Via"}]},{"@type":"WebSite","@id":"https:\/\/www.encontraes.com.br\/sobre\/#website","url":"https:\/\/www.encontraes.com.br\/sobre\/","name":"Encontra Esp\u00edrito Santo","description":"Not\u00edcias, eventos, informa\u00e7\u00f5es e dicas no estado do Esp\u00edrito Santo","potentialAction":[{"@type":"SearchAction","target":{"@type":"EntryPoint","urlTemplate":"https:\/\/www.encontraes.com.br\/sobre\/?s={search_term_string}"},"query-input":{"@type":"PropertyValueSpecification","valueRequired":true,"valueName":"search_term_string"}}],"inLanguage":"pt-BR"},{"@type":"Person","@id":"https:\/\/www.encontraes.com.br\/sobre\/#\/schema\/person\/01abb08d401d3bc42f34d432990108e0","name":"encontraes","image":{"@type":"ImageObject","inLanguage":"pt-BR","@id":"https:\/\/www.encontraes.com.br\/sobre\/#\/schema\/person\/image\/","url":"https:\/\/secure.gravatar.com\/avatar\/b5847bf9c2de7baefeea7a4486da639a?s=96&d=mm&r=g","contentUrl":"https:\/\/secure.gravatar.com\/avatar\/b5847bf9c2de7baefeea7a4486da639a?s=96&d=mm&r=g","caption":"encontraes"},"sameAs":["https:\/\/www.encontraes.com.br\/sobre"],"url":"https:\/\/www.encontraes.com.br\/sobre\/author\/encontraes\/"}]}},"_links":{"self":[{"href":"https:\/\/www.encontraes.com.br\/sobre\/wp-json\/wp\/v2\/posts\/47","targetHints":{"allow":["GET"]}}],"collection":[{"href":"https:\/\/www.encontraes.com.br\/sobre\/wp-json\/wp\/v2\/posts"}],"about":[{"href":"https:\/\/www.encontraes.com.br\/sobre\/wp-json\/wp\/v2\/types\/post"}],"author":[{"embeddable":true,"href":"https:\/\/www.encontraes.com.br\/sobre\/wp-json\/wp\/v2\/users\/1"}],"replies":[{"embeddable":true,"href":"https:\/\/www.encontraes.com.br\/sobre\/wp-json\/wp\/v2\/comments?post=47"}],"version-history":[{"count":0,"href":"https:\/\/www.encontraes.com.br\/sobre\/wp-json\/wp\/v2\/posts\/47\/revisions"}],"wp:featuredmedia":[{"embeddable":true,"href":"https:\/\/www.encontraes.com.br\/sobre\/wp-json\/wp\/v2\/media\/48"}],"wp:attachment":[{"href":"https:\/\/www.encontraes.com.br\/sobre\/wp-json\/wp\/v2\/media?parent=47"}],"wp:term":[{"taxonomy":"category","embeddable":true,"href":"https:\/\/www.encontraes.com.br\/sobre\/wp-json\/wp\/v2\/categories?post=47"},{"taxonomy":"post_tag","embeddable":true,"href":"https:\/\/www.encontraes.com.br\/sobre\/wp-json\/wp\/v2\/tags?post=47"}],"curies":[{"name":"wp","href":"https:\/\/api.w.org\/{rel}","templated":true}]}}